{"id":3969,"date":"2025-01-02T10:00:36","date_gmt":"2025-01-02T09:00:36","guid":{"rendered":"https:\/\/www.saforturisme.org\/ruta-dels-porrats-programacio-general\/"},"modified":"2025-01-16T20:55:36","modified_gmt":"2025-01-16T19:55:36","slug":"ruta-dels-porrats-programacio-general","status":"publish","type":"post","link":"https:\/\/www.saforturisme.org\/fr\/ruta-dels-porrats-programacio-general\/","title":{"rendered":"Comen\u00e7a la Ruta dels Porrats de la Mancomunitat de Municipis de la Safor"},"content":{"rendered":"<p><span style=\"font-weight: 400;\">El pr\u00f2xim divendres 10 de gener comen\u00e7a la Ruta dels Porrats de 2025 amb el primer porrat al municipi d\u2019Oliva. L&#8217;objectiu fonamental de la Ruta dels Porrats \u00e9s fomentar els porrats que tradicionalment es celebren a la comarca de la Safor, un esdeveniment genu\u00ed i amb un fort arrelament a la nostra comarca. Es tracta d&#8217;una programaci\u00f3 de promoci\u00f3 tur\u00edstica que abra\u00e7a quasi tot l&#8217;any, que promou els porrats que atrauen milers de visitants tant de la Safor com d&#8217;altres comarques ve\u00efnes.<\/span><\/p>\n<p><span style=\"font-weight: 400;\">La Ruta dels Porrats est\u00e0 formada per un total de set municipis de la comarca de la Safor: Oliva, Benirredr\u00e0, la Font d&#8217;en Carr\u00f2s, Potries, R\u00f2tova, Tavernes de la Valldigna i l&#8217;Alqueria de la Comtessa.<\/span><\/p>\n<p><span style=\"font-weight: 400;\">El calendari de la Ruta dels Porrats \u00e9s el seg\u00fcent:<\/span><\/p>\n<p><span style=\"font-weight: 400;\"><strong> 10, 11 i 12 de gener<\/strong>: Calderes i Porrat de Sant Antoni a Oliva.<\/span><\/p>\n<p><span style=\"font-weight: 400;\"><strong>17, 18 i 19 de gener<\/strong>: Porrat de Sant Antoni del Porquet a Benirredr\u00e0.<\/span><\/p>\n<p><span style=\"font-weight: 400;\"><strong> 24, 25 i 26 de gener<\/strong>: Porrat de Sant Antoni del Porquet a la Font d\u2019en Carr\u00f2s.<\/span><\/p>\n<p><span style=\"font-weight: 400;\"><strong> 7, 8 i 9 de febrer<\/strong>: Porrat de Sant Blai a Potries.<\/span><\/p>\n<p><span style=\"font-weight: 400;\"><strong> 21, 22 i 23 de febrer<\/strong>: Porrat de Sant Maci\u00e0 a R\u00f2tova.<\/span><\/p>\n<p><span style=\"font-weight: 400;\"><strong> 9 de juliol i 10 d\u2019agost<\/strong>: Porrats del Dia de la Sang i Sant Lloren\u00e7 a Tavernes de la Valldigna.<\/span><\/p>\n<p><span style=\"font-weight: 400;\"><strong> 12, 13 i 14 de setembre<\/strong>: Porrat dels Sants de la Pedra a l\u2019Alqueria de la Comtessa.<\/span><\/p>\n<div id='gallery-1' class='gallery galleryid-3969 gallery-columns-3 gallery-size-thumbnail'><figure class='gallery-item'>\n\t\t\t<div class='gallery-icon landscape'>\n\t\t\t\t<a href='https:\/\/www.saforturisme.org\/fr\/ruta-dels-porrats-programacio-general\/img-20250115-wa0007-2\/'><img width=\"400\" height=\"400\" src=\"https:\/\/www.saforturisme.org\/wp-content\/uploads\/2025\/01\/IMG-20250115-WA0007-400x400.jpg\" class=\"attachment-thumbnail size-thumbnail\" alt=\"\" loading=\"lazy\" srcset=\"https:\/\/www.saforturisme.org\/wp-content\/uploads\/2025\/01\/IMG-20250115-WA0007-400x400.jpg 400w, https:\/\/www.saforturisme.org\/wp-content\/uploads\/2025\/01\/IMG-20250115-WA0007-150x150.jpg 150w\" sizes=\"(max-width: 400px) 100vw, 400px\" \/><\/a>\n\t\t\t<\/div><\/figure><figure class='gallery-item'>\n\t\t\t<div class='gallery-icon landscape'>\n\t\t\t\t<a href='https:\/\/www.saforturisme.org\/fr\/ruta-dels-porrats-programacio-general\/img-20250115-wa0005-2\/'><img width=\"400\" height=\"400\" src=\"https:\/\/www.saforturisme.org\/wp-content\/uploads\/2025\/01\/IMG-20250115-WA0005-400x400.jpg\" class=\"attachment-thumbnail size-thumbnail\" alt=\"\" loading=\"lazy\" srcset=\"https:\/\/www.saforturisme.org\/wp-content\/uploads\/2025\/01\/IMG-20250115-WA0005-400x400.jpg 400w, https:\/\/www.saforturisme.org\/wp-content\/uploads\/2025\/01\/IMG-20250115-WA0005-150x150.jpg 150w\" sizes=\"(max-width: 400px) 100vw, 400px\" \/><\/a>\n\t\t\t<\/div><\/figure><figure class='gallery-item'>\n\t\t\t<div class='gallery-icon landscape'>\n\t\t\t\t<a href='https:\/\/www.saforturisme.org\/fr\/ruta-dels-porrats-programacio-general\/img-20250115-wa0002-2\/'><img width=\"400\" height=\"400\" src=\"https:\/\/www.saforturisme.org\/wp-content\/uploads\/2025\/01\/IMG-20250115-WA0002-400x400.jpg\" class=\"attachment-thumbnail size-thumbnail\" alt=\"\" loading=\"lazy\" srcset=\"https:\/\/www.saforturisme.org\/wp-content\/uploads\/2025\/01\/IMG-20250115-WA0002-400x400.jpg 400w, https:\/\/www.saforturisme.org\/wp-content\/uploads\/2025\/01\/IMG-20250115-WA0002-150x150.jpg 150w\" sizes=\"(max-width: 400px) 100vw, 400px\" \/><\/a>\n\t\t\t<\/div><\/figure><figure class='gallery-item'>\n\t\t\t<div class='gallery-icon landscape'>\n\t\t\t\t<a href='https:\/\/www.saforturisme.org\/fr\/ruta-dels-porrats-programacio-general\/foto_porrats-1-2\/'><img width=\"400\" height=\"400\" src=\"https:\/\/www.saforturisme.org\/wp-content\/uploads\/2025\/01\/Foto_Porrats-1-400x400.jpg\" class=\"attachment-thumbnail size-thumbnail\" alt=\"\" loading=\"lazy\" srcset=\"https:\/\/www.saforturisme.org\/wp-content\/uploads\/2025\/01\/Foto_Porrats-1-400x400.jpg 400w, https:\/\/www.saforturisme.org\/wp-content\/uploads\/2025\/01\/Foto_Porrats-1-150x150.jpg 150w\" sizes=\"(max-width: 400px) 100vw, 400px\" \/><\/a>\n\t\t\t<\/div><\/figure>\n\t\t<\/div>\n\n<p style=\"text-align: left;\">\n","protected":false},"excerpt":{"rendered":"<p>El pr\u00f2xim divendres 10 de gener comen\u00e7a la Ruta dels Porrats de 2025 amb el primer porrat al municipi d\u2019Oliva. L&#8217;objectiu fonamental de la Ruta dels Porrats \u00e9s fomentar els porrats que tradicionalment es celebren a la comarca de la Safor, un esdeveniment genu\u00ed i amb un fort arrelament a la nostra comarca. Es tracta [&hellip;]<\/p>\n","protected":false},"author":12,"featured_media":3974,"comment_status":"closed","ping_status":"closed","sticky":false,"template":"","format":"standard","meta":{"_monsterinsights_skip_tracking":false,"_monsterinsights_sitenote_active":false,"_monsterinsights_sitenote_note":"","_monsterinsights_sitenote_category":0},"categories":[35],"tags":[],"_links":{"self":[{"href":"https:\/\/www.saforturisme.org\/fr\/wp-json\/wp\/v2\/posts\/3969"}],"collection":[{"href":"https:\/\/www.saforturisme.org\/fr\/wp-json\/wp\/v2\/posts"}],"about":[{"href":"https:\/\/www.saforturisme.org\/fr\/wp-json\/wp\/v2\/types\/post"}],"author":[{"embeddable":true,"href":"https:\/\/www.saforturisme.org\/fr\/wp-json\/wp\/v2\/users\/12"}],"replies":[{"embeddable":true,"href":"https:\/\/www.saforturisme.org\/fr\/wp-json\/wp\/v2\/comments?post=3969"}],"version-history":[{"count":5,"href":"https:\/\/www.saforturisme.org\/fr\/wp-json\/wp\/v2\/posts\/3969\/revisions"}],"predecessor-version":[{"id":4080,"href":"https:\/\/www.saforturisme.org\/fr\/wp-json\/wp\/v2\/posts\/3969\/revisions\/4080"}],"wp:featuredmedia":[{"embeddable":true,"href":"https:\/\/www.saforturisme.org\/fr\/wp-json\/wp\/v2\/media\/3974"}],"wp:attachment":[{"href":"https:\/\/www.saforturisme.org\/fr\/wp-json\/wp\/v2\/media?parent=3969"}],"wp:term":[{"taxonomy":"category","embeddable":true,"href":"https:\/\/www.saforturisme.org\/fr\/wp-json\/wp\/v2\/categories?post=3969"},{"taxonomy":"post_tag","embeddable":true,"href":"https:\/\/www.saforturisme.org\/fr\/wp-json\/wp\/v2\/tags?post=3969"}],"curies":[{"name":"wp","href":"https:\/\/api.w.org\/{rel}","templated":true}]}}