{"id":3910,"date":"2024-11-26T15:58:56","date_gmt":"2024-11-26T14:58:56","guid":{"rendered":"https:\/\/www.saforturisme.org\/?p=3910"},"modified":"2024-11-26T17:26:52","modified_gmt":"2024-11-26T16:26:52","slug":"nuevo-material-divulgativo-de-recursos-comarcales-para-la-difusion-en-redes","status":"publish","type":"post","link":"https:\/\/www.saforturisme.org\/es\/nuevo-material-divulgativo-de-recursos-comarcales-para-la-difusion-en-redes\/","title":{"rendered":"Nuevo material divulgativo de recursos comarcales para la difusi\u00f3n en redes"},"content":{"rendered":"<p><img loading=\"lazy\" class=\"aligncenter size-large wp-image-3891\" src=\"https:\/\/www.saforturisme.org\/wp-content\/uploads\/2024\/11\/B-p2-e1732638369652.jpg\" alt=\"\" width=\"640\" height=\"534\" srcset=\"https:\/\/www.saforturisme.org\/wp-content\/uploads\/2024\/11\/B-p2-e1732638369652.jpg 1080w, https:\/\/www.saforturisme.org\/wp-content\/uploads\/2024\/11\/B-p2-e1732638369652-300x251.jpg 300w, https:\/\/www.saforturisme.org\/wp-content\/uploads\/2024\/11\/B-p2-e1732638369652-1024x855.jpg 1024w, https:\/\/www.saforturisme.org\/wp-content\/uploads\/2024\/11\/B-p2-e1732638369652-768x641.jpg 768w\" sizes=\"(max-width: 640px) 100vw, 640px\" \/><\/p>\n<p style=\"text-align: left;\"><span style=\"font-weight: 400;\">La Mancomunidad de la Safor, a trav\u00e9s de la subvenci\u00f3n \u2018<strong>Impulsem Turisme<\/strong>\u2019 de la Diputaci\u00f3n de Val\u00e8ncia, ha desarrollado tres nuevos v\u00eddeos promocionales del <a href=\"https:\/\/www.youtube.com\/watch?v=ZjHPCio1j5A\">Real Monasterio de Santa Mar\u00eda de la Valldigna<\/a>, de la <a href=\"https:\/\/youtu.be\/P1TBt1Yf8ts?si=sWq_4thtxAIt89yx\">Cueva del Bolomor<\/a> y de la <a href=\"https:\/\/www.youtube.com\/watch?v=SbCOBZtawro\">Fundaci\u00f3n Todol\u00ed Citrus<\/a>.<\/span><\/p>\n<p style=\"text-align: left;\">En esta ocasi\u00f3n, varios ayuntamientos mancomunados hab\u00edan hecho su propuesta para participar y del total se han elegido las de Simat de la Valldigna, Tavernes de la Valldigna y Palmera. De este modo, se han conjugado la historia, el patrimonio cultural y arquitect\u00f3nico, la naturaleza y la agricultura en su vertiente m\u00e1s tur\u00edstica.<\/p>\n<p style=\"text-align: left;\">Con los nuevos contenidos audiovisuales, desde la Mancomunidad de la Safor se pretende conseguir una <strong>mayor visibilidad<\/strong> de la marca Safor Turisme en las redes sociales y medios digitales para promover los numerosos recursos tur\u00edsticos con que cuenta la comarca.<\/p>\n<p>Esta iniciativa se plantea como un material a disposici\u00f3n de medios y divulgadores, en formato digital, y para jornadas Press Trip, para facilitar la difusi\u00f3n posterior de los recursos.<\/p>\n<p><strong>Jordi Puig<\/strong>, vicepresidente 1\u00ba y consejero de turismo de la Mancomunidad de la Safor: \u201cEsta acci\u00f3n es la \u00faltima de las que hemos llevado a cabo los \u00faltimos meses bajo la marca Safor Turisme, como la Jornada de Turismo y la actualizaci\u00f3n de la informaci\u00f3n de la web. Estamos satisfechos con los resultados obtenidos y esperamos que el trabajo hecho contribuya a seguir consolidando este proyecto tur\u00edstico de \u00e1mbito comarcal.\u201d<\/p>\n<p>&nbsp;<\/p>\n","protected":false},"excerpt":{"rendered":"<p>La Mancomunidad de la Safor, a trav\u00e9s de la subvenci\u00f3n \u2018Impulsem Turisme\u2019 de la Diputaci\u00f3n de Val\u00e8ncia, ha desarrollado tres nuevos v\u00eddeos promocionales del Real Monasterio de Santa Mar\u00eda de la Valldigna, de la Cueva del Bolomor y de la Fundaci\u00f3n Todol\u00ed Citrus. En esta ocasi\u00f3n, varios ayuntamientos mancomunados hab\u00edan hecho su propuesta para participar [&hellip;]<\/p>\n","protected":false},"author":12,"featured_media":3891,"comment_status":"closed","ping_status":"closed","sticky":false,"template":"","format":"standard","meta":{"_monsterinsights_skip_tracking":false,"_monsterinsights_sitenote_active":false,"_monsterinsights_sitenote_note":"","_monsterinsights_sitenote_category":0},"categories":[15],"tags":[],"_links":{"self":[{"href":"https:\/\/www.saforturisme.org\/es\/wp-json\/wp\/v2\/posts\/3910"}],"collection":[{"href":"https:\/\/www.saforturisme.org\/es\/wp-json\/wp\/v2\/posts"}],"about":[{"href":"https:\/\/www.saforturisme.org\/es\/wp-json\/wp\/v2\/types\/post"}],"author":[{"embeddable":true,"href":"https:\/\/www.saforturisme.org\/es\/wp-json\/wp\/v2\/users\/12"}],"replies":[{"embeddable":true,"href":"https:\/\/www.saforturisme.org\/es\/wp-json\/wp\/v2\/comments?post=3910"}],"version-history":[{"count":3,"href":"https:\/\/www.saforturisme.org\/es\/wp-json\/wp\/v2\/posts\/3910\/revisions"}],"predecessor-version":[{"id":3933,"href":"https:\/\/www.saforturisme.org\/es\/wp-json\/wp\/v2\/posts\/3910\/revisions\/3933"}],"wp:featuredmedia":[{"embeddable":true,"href":"https:\/\/www.saforturisme.org\/es\/wp-json\/wp\/v2\/media\/3891"}],"wp:attachment":[{"href":"https:\/\/www.saforturisme.org\/es\/wp-json\/wp\/v2\/media?parent=3910"}],"wp:term":[{"taxonomy":"category","embeddable":true,"href":"https:\/\/www.saforturisme.org\/es\/wp-json\/wp\/v2\/categories?post=3910"},{"taxonomy":"post_tag","embeddable":true,"href":"https:\/\/www.saforturisme.org\/es\/wp-json\/wp\/v2\/tags?post=3910"}],"curies":[{"name":"wp","href":"https:\/\/api.w.org\/{rel}","templated":true}]}}