{"id":4069,"date":"2025-01-16T12:16:01","date_gmt":"2025-01-16T11:16:01","guid":{"rendered":"https:\/\/www.saforturisme.org\/exit-de-participacio-en-el-porrat-les-calderes-de-sant-antoni-doliva\/"},"modified":"2025-01-16T12:16:01","modified_gmt":"2025-01-16T11:16:01","slug":"exit-de-participacio-en-el-porrat-les-calderes-de-sant-antoni-doliva","status":"publish","type":"post","link":"https:\/\/www.saforturisme.org\/en\/exit-de-participacio-en-el-porrat-les-calderes-de-sant-antoni-doliva\/","title":{"rendered":"\u00c8xit de participaci\u00f3 en el porrat i les calderes de Sant Antoni d&#8217;Oliva"},"content":{"rendered":"<p>En total es van repartir al voltant de 4.500 racions d&#8217;arr\u00f2s cald\u00f3s<\/p>\n<p>El porrat de Sant Antoni d&#8217;Oliva, incl\u00f2s en la Ruta dels porrats amb m\u00e9s tradici\u00f3 de la Mancomunitat de Municipis de la Safor, va ser tot un \u00e8xit. Organitzat per la Regidoria de Festes, el porrat va incloure les populars calderes de Sant Antoni amb la col\u00b7laboraci\u00f3 dels Festers de Sant Vicent, el Mercat Modernista i la fireta gastron\u00f2mica de les associacions a la placeta de Ganguis, que va incloure m\u00fasica en directe dissabte a migdia i a la nit. El porrat tamb\u00e9 va incloure jocs populars gegants de fusta el diumenge al mat\u00ed a c\u00e0rrec de la Regidoria de Joventut.<\/p>\n<p>\u00c1lvaro S\u00e1nchez, regidor de Festes: &#8220;Estem molt satisfets de com ha anat el porrat i les calderes de Sant Antoni d&#8217;Oliva 2025. Especialment del gran ambient, participaci\u00f3 i germanor que hem tingut durant els tres dies, de divendres a diumenge. Un agra\u00efment molt especial als Festers de Sant Vicent, que una vegada m\u00e9s van preparar un espectacular dinar popular al carrer, amb 35 calderes de ferro i al voltant de 4.500 racions d&#8217;arr\u00f2s cald\u00f3s, i a les associacions de la fireta gastron\u00f2mica de la pla\u00e7a de Ganguis: Cautivo, Tuareg, Jaume I, Rebollet, Sant Francesc i Crist de Sant Roc.&#8221;<\/p>\n<p>Yolanda Pastor: &#8220;El porrat de Sant Antoni \u00e9s una gran festa, oberta, participativa i molt entranyable. L&#8217;entorn \u00e9s immillorable, el barri de Raval-Gerreria, i sobretot les calderes i la fireta de les associacions fan que siga molt nostra. Gr\u00e0cies tamb\u00e9 a l&#8217;organitzaci\u00f3 del mercat modernista, amb m\u00e9s de 50 parades, aix\u00ed com l&#8217;Associaci\u00f3 Cultural Modernista de Cartagena de Llevant i l&#8217;AC Modernista de Novelda. Ara ens queda el porrat tradicional del dia 17 a la placeta de Sant Roc i sobretot la Benedicci\u00f3 d&#8217;Animals del pr\u00f2xim diumenge dia 19. Esteu tots convidats!&#8221;<\/p>\n<p>La programaci\u00f3 del porrat continuar\u00e0 aquest cap de setmana, amb el xicotet porrat tradicional del divendres 17, dia de Sant Antoni Abat, a la pla\u00e7a de Sant Roc, organitzat per la regidoria de Mercats. I la Benedicci\u00f3 d&#8217;animals del diumenge, amb els seg\u00fcents actes previstos:<\/p>\n<p>DIUMENGE 19: Benedicci\u00f3 d&#8217;animals de Sant Antoni d&#8217;Oliva<br \/>\n10.00 h, repartiment de xocolate per a tots els assistents a la pla\u00e7a de Ganguis.<br \/>\n10.00 h, esmorzar popular per a carreters i cavallistes, de gamba amb bleda, al carrer de Sant Vicent.<br \/>\n11.00 h, a l&#8217;ermita del sant, solemne missa. En acabar, repartiment del pa bene\u00eft.<br \/>\n12.00 h, recorregut dels Festers de Sant Vicent amb el sant, amb eixida des de l&#8217;ermita, pels carrers de l&#8217;Ermita, de Sant Blai, pla\u00e7a de Ganguis, de l&#8217;Aurora i de Sant Vicent, amb acompanyament musical de tabal i dol\u00e7aina i els animals menuts.<br \/>\n12.15 h, inici de la Benedicci\u00f3 d&#8217;Animals al carrer de Sant Vicent, seguint les indicacions de l&#8217;organitzaci\u00f3 de l&#8217;acte.<\/p>\n","protected":false},"excerpt":{"rendered":"<p>En total es van repartir al voltant de 4.500 racions d&#8217;arr\u00f2s cald\u00f3s El porrat de Sant Antoni d&#8217;Oliva, incl\u00f2s en la Ruta dels porrats amb m\u00e9s tradici\u00f3 de la Mancomunitat de Municipis de la Safor, va ser tot un \u00e8xit. Organitzat per la Regidoria de Festes, el porrat va incloure les populars calderes de Sant [&hellip;]<\/p>\n","protected":false},"author":12,"featured_media":4064,"comment_status":"closed","ping_status":"closed","sticky":false,"template":"","format":"standard","meta":{"_monsterinsights_skip_tracking":false,"_monsterinsights_sitenote_active":false,"_monsterinsights_sitenote_note":"","_monsterinsights_sitenote_category":0},"categories":[16],"tags":[],"_links":{"self":[{"href":"https:\/\/www.saforturisme.org\/en\/wp-json\/wp\/v2\/posts\/4069"}],"collection":[{"href":"https:\/\/www.saforturisme.org\/en\/wp-json\/wp\/v2\/posts"}],"about":[{"href":"https:\/\/www.saforturisme.org\/en\/wp-json\/wp\/v2\/types\/post"}],"author":[{"embeddable":true,"href":"https:\/\/www.saforturisme.org\/en\/wp-json\/wp\/v2\/users\/12"}],"replies":[{"embeddable":true,"href":"https:\/\/www.saforturisme.org\/en\/wp-json\/wp\/v2\/comments?post=4069"}],"version-history":[{"count":0,"href":"https:\/\/www.saforturisme.org\/en\/wp-json\/wp\/v2\/posts\/4069\/revisions"}],"wp:featuredmedia":[{"embeddable":true,"href":"https:\/\/www.saforturisme.org\/en\/wp-json\/wp\/v2\/media\/4064"}],"wp:attachment":[{"href":"https:\/\/www.saforturisme.org\/en\/wp-json\/wp\/v2\/media?parent=4069"}],"wp:term":[{"taxonomy":"category","embeddable":true,"href":"https:\/\/www.saforturisme.org\/en\/wp-json\/wp\/v2\/categories?post=4069"},{"taxonomy":"post_tag","embeddable":true,"href":"https:\/\/www.saforturisme.org\/en\/wp-json\/wp\/v2\/tags?post=4069"}],"curies":[{"name":"wp","href":"https:\/\/api.w.org\/{rel}","templated":true}]}}